{"id":6022,"date":"2022-07-26T18:45:38","date_gmt":"2022-07-26T18:45:38","guid":{"rendered":"https:\/\/www.evangelismomar.org\/?p=6022"},"modified":"2022-08-23T19:03:28","modified_gmt":"2022-08-23T19:03:28","slug":"desafio-puerto-rico","status":"publish","type":"post","link":"https:\/\/www.evangelismomar.org\/?p=6022","title":{"rendered":"Desaf\u00edo Puerto Rico"},"content":{"rendered":"<style type=\"text\/css\"><\/style><div id=\"cmsmasters_row_69f43254cfb3d6_80573105\" class=\"cmsmasters_row cmsmasters_color_scheme_default cmsmasters_row_top_default cmsmasters_row_bot_default cmsmasters_row_boxed\">\n<div class=\"cmsmasters_row_outer_parent\">\n<div class=\"cmsmasters_row_outer\">\n<div class=\"cmsmasters_row_inner\">\n<div class=\"cmsmasters_row_margin\">\n<div class=\"cmsmasters_column one_first\">\n<div class=\"cmsmasters_text\">\n<div class=\"m8h3af8h l7ghb35v kjdc1dyq kmwttqpk gh25dzvf n3t5jt4f\">\n<div dir=\"auto\">Congreso <a class=\"qi72231t nu7423ey n3hqoq4p r86q59rh b3qcqh3k fq87ekyn bdao358l fsf7x5fv rse6dlih s5oniofx m8h3af8h l7ghb35v kjdc1dyq kmwttqpk srn514ro oxkhqvkx rl78xhln nch0832m cr00lzj9 rn8ck1ys s3jn8y49 icdlwmnq cxfqmxzd d1w2l3lo tes86rjd\" tabindex=\"0\" role=\"link\" href=\"https:\/\/www.facebook.com\/hashtag\/desaf%C3%ADo?__eep__=6&amp;__cft__&#091;0&#093;=AZVieLM__iDRMZqqCtOhgTaMoJby7MnLmGi_f7REbCjQtPbIgd4nwVvdJweDMqdaJov56PDRiEWUB3UtxwpRISTQkKCVkrQ9LNnijjGgmmE1P6TU1MBKi35-2cwROqBRnLXwbE7u1AG1zEJPmu5d2S2RSRu651DCwGVwAKStAiA8a6QhjC-X1qhaEHjG7iTjtu1-GbBnHcJEf8BSGG_-fbeo&amp;__tn__=*NK-R\">#DESAF\u00cdO<\/a> en Puerto Rico, distrito Oeste, con una participaci\u00f3n de m\u00e1s de 30 lideres que ten\u00edan el deseo de equiparse con las nuevas herramientas y estrategias evangelistas, recuerda a tu pastor la replica de las capacitaciones en y para la iglesia local.<\/div>\n<\/div>\n<div class=\"l7ghb35v kjdc1dyq kmwttqpk gh25dzvf jikcssrz n3t5jt4f\">\n<div dir=\"auto\"><\/div>\n<\/div>\n<\/div>\n<\/div>\n<\/div>\n<\/div>\n<\/div>\n<\/div>\n<\/div>\n\n","protected":false},"excerpt":{"rendered":"","protected":false},"author":1,"featured_media":6023,"comment_status":"closed","ping_status":"open","sticky":false,"template":"","format":"standard","meta":{"footnotes":""},"categories":[1],"tags":[],"class_list":["post-6022","post","type-post","status-publish","format-standard","has-post-thumbnail","hentry","category-uncategorized"],"yoast_head":"<!-- This site is optimized with the Yoast SEO plugin v27.5 - https:\/\/yoast.com\/product\/yoast-seo-wordpress\/ -->\n<title>Desaf\u00edo Puerto Rico - evangelismomar<\/title>\n<meta name=\"robots\" content=\"index, follow, max-snippet:-1, max-image-preview:large, max-video-preview:-1\" \/>\n<link rel=\"canonical\" href=\"https:\/\/www.evangelismomar.org\/?p=6022\" \/>\n<meta property=\"og:locale\" content=\"es_ES\" \/>\n<meta property=\"og:type\" content=\"article\" \/>\n<meta property=\"og:title\" content=\"Desaf\u00edo Puerto Rico - evangelismomar\" \/>\n<meta property=\"og:url\" content=\"https:\/\/www.evangelismomar.org\/?p=6022\" \/>\n<meta property=\"og:site_name\" content=\"evangelismomar\" \/>\n<meta property=\"article:publisher\" content=\"https:\/\/www.facebook.com\/MAR.Evangelismo\" \/>\n<meta property=\"article:published_time\" content=\"2022-07-26T18:45:38+00:00\" \/>\n<meta property=\"article:modified_time\" content=\"2022-08-23T19:03:28+00:00\" \/>\n<meta property=\"og:image\" content=\"https:\/\/www.evangelismomar.org\/wp-content\/uploads\/2022\/08\/PR.jpg\" \/>\n\t<meta property=\"og:image:width\" content=\"1024\" \/>\n\t<meta property=\"og:image:height\" content=\"768\" \/>\n\t<meta property=\"og:image:type\" content=\"image\/jpeg\" \/>\n<meta name=\"author\" content=\"eva2\" \/>\n<meta name=\"twitter:card\" content=\"summary_large_image\" \/>\n<meta name=\"twitter:label1\" content=\"Written by\" \/>\n\t<meta name=\"twitter:data1\" content=\"eva2\" \/>\n\t<meta name=\"twitter:label2\" content=\"Est. reading time\" \/>\n\t<meta name=\"twitter:data2\" content=\"1 minuto\" \/>\n<script type=\"application\/ld+json\" class=\"yoast-schema-graph\">{\"@context\":\"https:\\\/\\\/schema.org\",\"@graph\":[{\"@type\":\"Article\",\"@id\":\"https:\\\/\\\/www.evangelismomar.org\\\/?p=6022#article\",\"isPartOf\":{\"@id\":\"https:\\\/\\\/www.evangelismomar.org\\\/?p=6022\"},\"author\":{\"name\":\"eva2\",\"@id\":\"https:\\\/\\\/www.evangelismomar.org\\\/#\\\/schema\\\/person\\\/9f4a463623bc2f6fb3119e1fbbfe911d\"},\"headline\":\"Desaf\u00edo Puerto Rico\",\"datePublished\":\"2022-07-26T18:45:38+00:00\",\"dateModified\":\"2022-08-23T19:03:28+00:00\",\"mainEntityOfPage\":{\"@id\":\"https:\\\/\\\/www.evangelismomar.org\\\/?p=6022\"},\"wordCount\":64,\"image\":{\"@id\":\"https:\\\/\\\/www.evangelismomar.org\\\/?p=6022#primaryimage\"},\"thumbnailUrl\":\"https:\\\/\\\/www.evangelismomar.org\\\/wp-content\\\/uploads\\\/2022\\\/08\\\/PR.jpg\",\"articleSection\":[\"Uncategorized\"],\"inLanguage\":\"es\"},{\"@type\":\"WebPage\",\"@id\":\"https:\\\/\\\/www.evangelismomar.org\\\/?p=6022\",\"url\":\"https:\\\/\\\/www.evangelismomar.org\\\/?p=6022\",\"name\":\"Desaf\u00edo Puerto Rico - evangelismomar\",\"isPartOf\":{\"@id\":\"https:\\\/\\\/www.evangelismomar.org\\\/#website\"},\"primaryImageOfPage\":{\"@id\":\"https:\\\/\\\/www.evangelismomar.org\\\/?p=6022#primaryimage\"},\"image\":{\"@id\":\"https:\\\/\\\/www.evangelismomar.org\\\/?p=6022#primaryimage\"},\"thumbnailUrl\":\"https:\\\/\\\/www.evangelismomar.org\\\/wp-content\\\/uploads\\\/2022\\\/08\\\/PR.jpg\",\"datePublished\":\"2022-07-26T18:45:38+00:00\",\"dateModified\":\"2022-08-23T19:03:28+00:00\",\"author\":{\"@id\":\"https:\\\/\\\/www.evangelismomar.org\\\/#\\\/schema\\\/person\\\/9f4a463623bc2f6fb3119e1fbbfe911d\"},\"breadcrumb\":{\"@id\":\"https:\\\/\\\/www.evangelismomar.org\\\/?p=6022#breadcrumb\"},\"inLanguage\":\"es\",\"potentialAction\":[{\"@type\":\"ReadAction\",\"target\":[\"https:\\\/\\\/www.evangelismomar.org\\\/?p=6022\"]}]},{\"@type\":\"ImageObject\",\"inLanguage\":\"es\",\"@id\":\"https:\\\/\\\/www.evangelismomar.org\\\/?p=6022#primaryimage\",\"url\":\"https:\\\/\\\/www.evangelismomar.org\\\/wp-content\\\/uploads\\\/2022\\\/08\\\/PR.jpg\",\"contentUrl\":\"https:\\\/\\\/www.evangelismomar.org\\\/wp-content\\\/uploads\\\/2022\\\/08\\\/PR.jpg\",\"width\":1024,\"height\":768},{\"@type\":\"BreadcrumbList\",\"@id\":\"https:\\\/\\\/www.evangelismomar.org\\\/?p=6022#breadcrumb\",\"itemListElement\":[{\"@type\":\"ListItem\",\"position\":1,\"name\":\"Home\",\"item\":\"https:\\\/\\\/www.evangelismomar.org\\\/\"},{\"@type\":\"ListItem\",\"position\":2,\"name\":\"Desaf\u00edo Puerto Rico\"}]},{\"@type\":\"WebSite\",\"@id\":\"https:\\\/\\\/www.evangelismomar.org\\\/#website\",\"url\":\"https:\\\/\\\/www.evangelismomar.org\\\/\",\"name\":\"evangelismomar\",\"description\":\"Evangelismo Regi\u00f3n Mesoam\u00e9rica\",\"potentialAction\":[{\"@type\":\"SearchAction\",\"target\":{\"@type\":\"EntryPoint\",\"urlTemplate\":\"https:\\\/\\\/www.evangelismomar.org\\\/?s={search_term_string}\"},\"query-input\":{\"@type\":\"PropertyValueSpecification\",\"valueRequired\":true,\"valueName\":\"search_term_string\"}}],\"inLanguage\":\"es\"},{\"@type\":\"Person\",\"@id\":\"https:\\\/\\\/www.evangelismomar.org\\\/#\\\/schema\\\/person\\\/9f4a463623bc2f6fb3119e1fbbfe911d\",\"name\":\"eva2\",\"image\":{\"@type\":\"ImageObject\",\"inLanguage\":\"es\",\"@id\":\"https:\\\/\\\/secure.gravatar.com\\\/avatar\\\/d2af12108dbf0a1a5fc8ebb08c68af05d9921738da3d233033c024ddd0a17ad1?s=96&d=mm&r=g\",\"url\":\"https:\\\/\\\/secure.gravatar.com\\\/avatar\\\/d2af12108dbf0a1a5fc8ebb08c68af05d9921738da3d233033c024ddd0a17ad1?s=96&d=mm&r=g\",\"contentUrl\":\"https:\\\/\\\/secure.gravatar.com\\\/avatar\\\/d2af12108dbf0a1a5fc8ebb08c68af05d9921738da3d233033c024ddd0a17ad1?s=96&d=mm&r=g\",\"caption\":\"eva2\"},\"sameAs\":[\"https:\\\/\\\/www.evangelismomar.org\"],\"url\":\"https:\\\/\\\/www.evangelismomar.org\\\/?author=1\"}]}<\/script>\n<!-- \/ Yoast SEO plugin. -->","yoast_head_json":{"title":"Desaf\u00edo Puerto Rico - evangelismomar","robots":{"index":"index","follow":"follow","max-snippet":"max-snippet:-1","max-image-preview":"max-image-preview:large","max-video-preview":"max-video-preview:-1"},"canonical":"https:\/\/www.evangelismomar.org\/?p=6022","og_locale":"es_ES","og_type":"article","og_title":"Desaf\u00edo Puerto Rico - evangelismomar","og_url":"https:\/\/www.evangelismomar.org\/?p=6022","og_site_name":"evangelismomar","article_publisher":"https:\/\/www.facebook.com\/MAR.Evangelismo","article_published_time":"2022-07-26T18:45:38+00:00","article_modified_time":"2022-08-23T19:03:28+00:00","og_image":[{"width":1024,"height":768,"url":"https:\/\/www.evangelismomar.org\/wp-content\/uploads\/2022\/08\/PR.jpg","type":"image\/jpeg"}],"author":"eva2","twitter_card":"summary_large_image","twitter_misc":{"Written by":"eva2","Est. reading time":"1 minuto"},"schema":{"@context":"https:\/\/schema.org","@graph":[{"@type":"Article","@id":"https:\/\/www.evangelismomar.org\/?p=6022#article","isPartOf":{"@id":"https:\/\/www.evangelismomar.org\/?p=6022"},"author":{"name":"eva2","@id":"https:\/\/www.evangelismomar.org\/#\/schema\/person\/9f4a463623bc2f6fb3119e1fbbfe911d"},"headline":"Desaf\u00edo Puerto Rico","datePublished":"2022-07-26T18:45:38+00:00","dateModified":"2022-08-23T19:03:28+00:00","mainEntityOfPage":{"@id":"https:\/\/www.evangelismomar.org\/?p=6022"},"wordCount":64,"image":{"@id":"https:\/\/www.evangelismomar.org\/?p=6022#primaryimage"},"thumbnailUrl":"https:\/\/www.evangelismomar.org\/wp-content\/uploads\/2022\/08\/PR.jpg","articleSection":["Uncategorized"],"inLanguage":"es"},{"@type":"WebPage","@id":"https:\/\/www.evangelismomar.org\/?p=6022","url":"https:\/\/www.evangelismomar.org\/?p=6022","name":"Desaf\u00edo Puerto Rico - evangelismomar","isPartOf":{"@id":"https:\/\/www.evangelismomar.org\/#website"},"primaryImageOfPage":{"@id":"https:\/\/www.evangelismomar.org\/?p=6022#primaryimage"},"image":{"@id":"https:\/\/www.evangelismomar.org\/?p=6022#primaryimage"},"thumbnailUrl":"https:\/\/www.evangelismomar.org\/wp-content\/uploads\/2022\/08\/PR.jpg","datePublished":"2022-07-26T18:45:38+00:00","dateModified":"2022-08-23T19:03:28+00:00","author":{"@id":"https:\/\/www.evangelismomar.org\/#\/schema\/person\/9f4a463623bc2f6fb3119e1fbbfe911d"},"breadcrumb":{"@id":"https:\/\/www.evangelismomar.org\/?p=6022#breadcrumb"},"inLanguage":"es","potentialAction":[{"@type":"ReadAction","target":["https:\/\/www.evangelismomar.org\/?p=6022"]}]},{"@type":"ImageObject","inLanguage":"es","@id":"https:\/\/www.evangelismomar.org\/?p=6022#primaryimage","url":"https:\/\/www.evangelismomar.org\/wp-content\/uploads\/2022\/08\/PR.jpg","contentUrl":"https:\/\/www.evangelismomar.org\/wp-content\/uploads\/2022\/08\/PR.jpg","width":1024,"height":768},{"@type":"BreadcrumbList","@id":"https:\/\/www.evangelismomar.org\/?p=6022#breadcrumb","itemListElement":[{"@type":"ListItem","position":1,"name":"Home","item":"https:\/\/www.evangelismomar.org\/"},{"@type":"ListItem","position":2,"name":"Desaf\u00edo Puerto Rico"}]},{"@type":"WebSite","@id":"https:\/\/www.evangelismomar.org\/#website","url":"https:\/\/www.evangelismomar.org\/","name":"evangelismomar","description":"Evangelismo Regi\u00f3n Mesoam\u00e9rica","potentialAction":[{"@type":"SearchAction","target":{"@type":"EntryPoint","urlTemplate":"https:\/\/www.evangelismomar.org\/?s={search_term_string}"},"query-input":{"@type":"PropertyValueSpecification","valueRequired":true,"valueName":"search_term_string"}}],"inLanguage":"es"},{"@type":"Person","@id":"https:\/\/www.evangelismomar.org\/#\/schema\/person\/9f4a463623bc2f6fb3119e1fbbfe911d","name":"eva2","image":{"@type":"ImageObject","inLanguage":"es","@id":"https:\/\/secure.gravatar.com\/avatar\/d2af12108dbf0a1a5fc8ebb08c68af05d9921738da3d233033c024ddd0a17ad1?s=96&d=mm&r=g","url":"https:\/\/secure.gravatar.com\/avatar\/d2af12108dbf0a1a5fc8ebb08c68af05d9921738da3d233033c024ddd0a17ad1?s=96&d=mm&r=g","contentUrl":"https:\/\/secure.gravatar.com\/avatar\/d2af12108dbf0a1a5fc8ebb08c68af05d9921738da3d233033c024ddd0a17ad1?s=96&d=mm&r=g","caption":"eva2"},"sameAs":["https:\/\/www.evangelismomar.org"],"url":"https:\/\/www.evangelismomar.org\/?author=1"}]}},"_links":{"self":[{"href":"https:\/\/www.evangelismomar.org\/index.php?rest_route=\/wp\/v2\/posts\/6022","targetHints":{"allow":["GET"]}}],"collection":[{"href":"https:\/\/www.evangelismomar.org\/index.php?rest_route=\/wp\/v2\/posts"}],"about":[{"href":"https:\/\/www.evangelismomar.org\/index.php?rest_route=\/wp\/v2\/types\/post"}],"author":[{"embeddable":true,"href":"https:\/\/www.evangelismomar.org\/index.php?rest_route=\/wp\/v2\/users\/1"}],"replies":[{"embeddable":true,"href":"https:\/\/www.evangelismomar.org\/index.php?rest_route=%2Fwp%2Fv2%2Fcomments&post=6022"}],"version-history":[{"count":1,"href":"https:\/\/www.evangelismomar.org\/index.php?rest_route=\/wp\/v2\/posts\/6022\/revisions"}],"predecessor-version":[{"id":6024,"href":"https:\/\/www.evangelismomar.org\/index.php?rest_route=\/wp\/v2\/posts\/6022\/revisions\/6024"}],"wp:featuredmedia":[{"embeddable":true,"href":"https:\/\/www.evangelismomar.org\/index.php?rest_route=\/wp\/v2\/media\/6023"}],"wp:attachment":[{"href":"https:\/\/www.evangelismomar.org\/index.php?rest_route=%2Fwp%2Fv2%2Fmedia&parent=6022"}],"wp:term":[{"taxonomy":"category","embeddable":true,"href":"https:\/\/www.evangelismomar.org\/index.php?rest_route=%2Fwp%2Fv2%2Fcategories&post=6022"},{"taxonomy":"post_tag","embeddable":true,"href":"https:\/\/www.evangelismomar.org\/index.php?rest_route=%2Fwp%2Fv2%2Ftags&post=6022"}],"curies":[{"name":"wp","href":"https:\/\/api.w.org\/{rel}","templated":true}]}}